{"id":4852,"date":"2020-08-11T18:29:00","date_gmt":"2020-08-11T21:29:00","guid":{"rendered":"https:\/\/anparq.org.br\/site\/?p=4852"},"modified":"2022-11-11T18:32:19","modified_gmt":"2022-11-11T21:32:19","slug":"15a-roda-de-conversa-formacao-cidade-e-cidadania-escola-em-transe","status":"publish","type":"post","link":"https:\/\/anparq.org.br\/site\/2020\/08\/11\/15a-roda-de-conversa-formacao-cidade-e-cidadania-escola-em-transe\/","title":{"rendered":"15\u00aa Roda de Conversa \u2013 Forma\u00e7\u00e3o, Cidade e Cidadania | Escola em Transe"},"content":{"rendered":"<p>[et_pb_section fb_built=&#8221;1&#8243; _builder_version=&#8221;4.18.0&#8243; custom_margin=&#8221;0px|0px|0px|0px|true|true&#8221; custom_padding=&#8221;0px|0px|0px|0px|true|true&#8221; global_colors_info=&#8221;{}&#8221; theme_builder_area=&#8221;et_body_layout&#8221;][et_pb_row _builder_version=&#8221;4.18.0&#8243; background_color=&#8221;#FAF7EE&#8221; background_size=&#8221;initial&#8221; background_position=&#8221;top_left&#8221; background_repeat=&#8221;repeat&#8221; width=&#8221;100%&#8221; custom_margin=&#8221;0px|0px|0px|0px|true|true&#8221; custom_padding=&#8221;0px|5px|0px|5px|true|true&#8221; global_colors_info=&#8221;{}&#8221; theme_builder_area=&#8221;et_body_layout&#8221;][et_pb_column type=&#8221;4_4&#8243; _builder_version=&#8221;4.16&#8243; custom_padding=&#8221;|||&#8221; global_colors_info=&#8221;{}&#8221; custom_padding__hover=&#8221;|||&#8221; theme_builder_area=&#8221;et_body_layout&#8221;][et_pb_image _builder_version=&#8221;4.18.0&#8243; _module_preset=&#8221;default&#8221; theme_builder_area=&#8221;et_body_layout&#8221; src=&#8221;https:\/\/www.anparq.org.br\/img\/noticias\/1597178003_whatsappimage20200811at16.48.52.jpeg&#8221; hover_enabled=&#8221;0&#8243; sticky_enabled=&#8221;0&#8243;][\/et_pb_image][et_pb_text _builder_version=&#8221;4.18.0&#8243; text_text_color=&#8221;#000000&#8243; background_size=&#8221;initial&#8221; background_position=&#8221;top_left&#8221; background_repeat=&#8221;repeat&#8221; hover_enabled=&#8221;0&#8243; global_colors_info=&#8221;{}&#8221; theme_builder_area=&#8221;et_body_layout&#8221; sticky_enabled=&#8221;0&#8243;]<\/p>\n<p>Nesta sexta-feira, Escola em Transe debater\u00e1 a forma\u00e7\u00e3o d@ arquitet@ e urbanista e a contribui\u00e7\u00e3o dess@ profissional \u00e0 sociedade e \u00e0 cidade em que vivemos.<\/p>\n<p>O ensino de arquitetura, como hoje \u00e9 conhecido, e a cria\u00e7\u00e3o da disciplina do urbanismo t\u00eam origem nas primeiras d\u00e9cadas do s\u00e9culo XX. Pode-se dizer que seus valores tamb\u00e9m remontam a esse per\u00edodo, em que se pretendia transformar uma sociedade que se urbanizava e se pretendia moderna, pela educa\u00e7\u00e3o e forma\u00e7\u00e3o do intelectual dessa arte e ci\u00eancia.<\/p>\n<p>Nestes quase cem anos, o Brasil e o mundo, assim como a pr\u00f3pria arquitetura e o pensamento urbano sofreram mudan\u00e7as, algumas at\u00e9 radicais e de grande impacto na vida dos cidad\u00e3os.\u00a0 Estamos aptos a responder aos novos anseios? A forma\u00e7\u00e3o d@ arquitet@ e urbanista \u00e9 capaz de lhe fornecer os meios para pensar a sociedade e projetar solu\u00e7\u00f5es para os problemas contempor\u00e2neos?<\/p>\n<p>Essas perguntas, como outras quest\u00f5es, envolvidas no tema da Forma\u00e7\u00e3o, Cidade e Cidadania ser\u00e3o objeto desta 15\u00aa Roda de Conversa, a partir da comunica\u00e7\u00e3o d@s seguintes palestrantes:<\/p>\n<p>Caio Nogueira (EAU\/UFF)<\/p>\n<p>Raquel Rolnik (FAU\/USP)<\/p>\n<p>Margareth Pereira (FAU\/UFRJ)<\/p>\n<p>15\u00aa Roda de Conversa \u2013 Forma\u00e7\u00e3o, Cidade e Cidadania, nesta sexta-feira, 14 de agosto, \u00e0s 16h.<\/p>\n<p>Link para inscri\u00e7\u00e3o: https:\/\/forms.gle\/sr4dK982BQUVnTiV7<\/p>\n<p>N\u00e3o perca! Somos tod@s convidad@s! Somos tod@s Protagonistas!<\/p>\n<p>[\/et_pb_text][\/et_pb_column][\/et_pb_row][\/et_pb_section]<\/p>\n","protected":false},"excerpt":{"rendered":"<p>Nesta sexta-feira, Escola em Transe debater\u00e1 a forma\u00e7\u00e3o d@ arquitet@ e urbanista e a contribui\u00e7\u00e3o dess@ profissional \u00e0 sociedade e \u00e0 cidade em que vivemos. O ensino de arquitetura, como hoje \u00e9 conhecido, e a cria\u00e7\u00e3o da disciplina do urbanismo t\u00eam origem nas primeiras d\u00e9cadas do s\u00e9culo XX. Pode-se dizer que seus valores tamb\u00e9m remontam [&hellip;]<\/p>\n","protected":false},"author":2,"featured_media":4853,"comment_status":"closed","ping_status":"closed","sticky":false,"template":"","format":"standard","meta":{"_et_pb_use_builder":"on","_et_pb_old_content":"","_et_gb_content_width":"","footnotes":""},"categories":[5],"tags":[],"class_list":["post-4852","post","type-post","status-publish","format-standard","has-post-thumbnail","hentry","category-noticias"],"_links":{"self":[{"href":"https:\/\/anparq.org.br\/site\/wp-json\/wp\/v2\/posts\/4852","targetHints":{"allow":["GET"]}}],"collection":[{"href":"https:\/\/anparq.org.br\/site\/wp-json\/wp\/v2\/posts"}],"about":[{"href":"https:\/\/anparq.org.br\/site\/wp-json\/wp\/v2\/types\/post"}],"author":[{"embeddable":true,"href":"https:\/\/anparq.org.br\/site\/wp-json\/wp\/v2\/users\/2"}],"replies":[{"embeddable":true,"href":"https:\/\/anparq.org.br\/site\/wp-json\/wp\/v2\/comments?post=4852"}],"version-history":[{"count":2,"href":"https:\/\/anparq.org.br\/site\/wp-json\/wp\/v2\/posts\/4852\/revisions"}],"predecessor-version":[{"id":4855,"href":"https:\/\/anparq.org.br\/site\/wp-json\/wp\/v2\/posts\/4852\/revisions\/4855"}],"wp:featuredmedia":[{"embeddable":true,"href":"https:\/\/anparq.org.br\/site\/wp-json\/wp\/v2\/media\/4853"}],"wp:attachment":[{"href":"https:\/\/anparq.org.br\/site\/wp-json\/wp\/v2\/media?parent=4852"}],"wp:term":[{"taxonomy":"category","embeddable":true,"href":"https:\/\/anparq.org.br\/site\/wp-json\/wp\/v2\/categories?post=4852"},{"taxonomy":"post_tag","embeddable":true,"href":"https:\/\/anparq.org.br\/site\/wp-json\/wp\/v2\/tags?post=4852"}],"curies":[{"name":"wp","href":"https:\/\/api.w.org\/{rel}","templated":true}]}}