{"id":9704,"date":"2026-09-03T15:40:16","date_gmt":"2026-09-03T18:40:16","guid":{"rendered":"https:\/\/anparq.org.br\/site\/?p=9704"},"modified":"2026-09-03T15:40:27","modified_gmt":"2026-09-03T18:40:27","slug":"nota-de-pesar-prof-dr-flavio-de-oliveira-ferreira","status":"publish","type":"post","link":"https:\/\/anparq.org.br\/site\/2026\/09\/03\/nota-de-pesar-prof-dr-flavio-de-oliveira-ferreira\/","title":{"rendered":"Nota de pesar : Prof. Dr. Fl\u00e1vio de Oliveira Ferreira"},"content":{"rendered":"<div class=\"et_pb_section_0 et_pb_section et_section_regular et_block_section preset--module--divi-section--default\">\n<div class=\"et_pb_row_0 et_pb_row et_block_row\">\n<div class=\"et_pb_column_0 et_pb_column et_pb_column_4_4 et-last-child et_block_column et_pb_css_mix_blend_mode_passthrough\">\n<div class=\"et_pb_text_0 et_pb_text et_pb_bg_layout_light et_pb_module et_block_module preset--module--divi-text--default\"><div class=\"et_pb_text_inner\"><p>Com grande tristeza e imensas saudades nos despedimos hoje de Fl\u00e1vio Ferreira. Amigo, colega, professor. Daqueles imprescind\u00edveis, que generosamente compartilhou saberes e viv\u00eancias. Na exuber\u00e2ncia de sua fala nos brindou com li\u00e7\u00f5es de arquitetura e de vida.<\/p>\n<p>Fl\u00e1vio teve uma trajet\u00f3ria profissional brilhante em suas atua\u00e7\u00f5es na vida p\u00fablica como Secret\u00e1rio de Urbanismo no Rio de Janeiro e em Uberaba, diretor do IPP, na defesa de arquitetos e da arquitetura no IAB, e nos in\u00fameros projetos que realizou.<\/p>\n<p>Foi na academia, entretanto, que deixou seu maior legado. Criativo, culto e sempre inovador introduziu no ensino do projeto de arquitetura e urbanismo na FAU UFRJ a intr\u00ednseca rela\u00e7\u00e3o entre arquitetura e cidade. Sua contribui\u00e7\u00e3o intelectual na cria\u00e7\u00e3o do PROURB foi fundamental. Altru\u00edsta, participou da formula\u00e7\u00e3o conceitual do programa de p\u00f3s-gradua\u00e7\u00e3o, onde depois seria professor.<\/p>\n<p>Fl\u00e1vio segue presente, apesar do tempo, da aus\u00eancia e do sil\u00eancio de suas falas.<\/p>\n<p>Todo o nosso carinho, querido amigo.<\/p>\n<p>Texto cedido por Denise Pinheiro-Machado.<\/p>\n<p>\u200b<\/p>\n<\/div><\/div>\n<\/div>\n<\/div>\n<\/div>","protected":false},"excerpt":{"rendered":"","protected":false},"author":2,"featured_media":9705,"comment_status":"open","ping_status":"open","sticky":false,"template":"","format":"standard","meta":{"footnotes":""},"categories":[5],"tags":[],"class_list":["post-9704","post","type-post","status-publish","format-standard","has-post-thumbnail","hentry","category-noticias"],"_links":{"self":[{"href":"https:\/\/anparq.org.br\/site\/wp-json\/wp\/v2\/posts\/9704","targetHints":{"allow":["GET"]}}],"collection":[{"href":"https:\/\/anparq.org.br\/site\/wp-json\/wp\/v2\/posts"}],"about":[{"href":"https:\/\/anparq.org.br\/site\/wp-json\/wp\/v2\/types\/post"}],"author":[{"embeddable":true,"href":"https:\/\/anparq.org.br\/site\/wp-json\/wp\/v2\/users\/2"}],"replies":[{"embeddable":true,"href":"https:\/\/anparq.org.br\/site\/wp-json\/wp\/v2\/comments?post=9704"}],"version-history":[{"count":2,"href":"https:\/\/anparq.org.br\/site\/wp-json\/wp\/v2\/posts\/9704\/revisions"}],"predecessor-version":[{"id":9707,"href":"https:\/\/anparq.org.br\/site\/wp-json\/wp\/v2\/posts\/9704\/revisions\/9707"}],"wp:featuredmedia":[{"embeddable":true,"href":"https:\/\/anparq.org.br\/site\/wp-json\/wp\/v2\/media\/9705"}],"wp:attachment":[{"href":"https:\/\/anparq.org.br\/site\/wp-json\/wp\/v2\/media?parent=9704"}],"wp:term":[{"taxonomy":"category","embeddable":true,"href":"https:\/\/anparq.org.br\/site\/wp-json\/wp\/v2\/categories?post=9704"},{"taxonomy":"post_tag","embeddable":true,"href":"https:\/\/anparq.org.br\/site\/wp-json\/wp\/v2\/tags?post=9704"}],"curies":[{"name":"wp","href":"https:\/\/api.w.org\/{rel}","templated":true}]}}